{"id":3080,"date":"2024-08-29T11:11:44","date_gmt":"2024-08-29T09:11:44","guid":{"rendered":"https:\/\/eseal-medical.be\/?p=3080"},"modified":"2024-10-31T15:09:13","modified_gmt":"2024-10-31T14:09:13","slug":"annie-turnauer","status":"publish","type":"post","link":"https:\/\/eseal-medical.be\/nl-be\/annie-turnauer\/","title":{"rendered":"Annie Turnauer"},"content":{"rendered":"\t\t<div data-elementor-type=\"wp-post\" data-elementor-id=\"3080\" class=\"elementor elementor-3080\" data-elementor-post-type=\"post\">\n\t\t\t\t<div class=\"elementor-element elementor-element-4fe8dfc e-flex e-con-boxed e-con e-parent\" data-id=\"4fe8dfc\" data-element_type=\"container\" data-e-type=\"container\" data-settings=\"{&quot;background_background&quot;:&quot;slideshow&quot;,&quot;background_slideshow_gallery&quot;:[{&quot;id&quot;:402,&quot;url&quot;:&quot;https:\\\/\\\/eseal-medical.be\\\/wp-content\\\/uploads\\\/medcin.png&quot;},{&quot;id&quot;:404,&quot;url&quot;:&quot;https:\\\/\\\/eseal-medical.be\\\/wp-content\\\/uploads\\\/good-care.png&quot;},{&quot;id&quot;:406,&quot;url&quot;:&quot;https:\\\/\\\/eseal-medical.be\\\/wp-content\\\/uploads\\\/medecin.png&quot;},{&quot;id&quot;:408,&quot;url&quot;:&quot;https:\\\/\\\/eseal-medical.be\\\/wp-content\\\/uploads\\\/equipe-medicale.png&quot;}],&quot;background_slideshow_lazyload&quot;:&quot;yes&quot;,&quot;background_slideshow_ken_burns&quot;:&quot;yes&quot;,&quot;background_slideshow_loop&quot;:&quot;yes&quot;,&quot;background_slideshow_slide_duration&quot;:5000,&quot;background_slideshow_slide_transition&quot;:&quot;fade&quot;,&quot;background_slideshow_transition_duration&quot;:500,&quot;background_slideshow_ken_burns_zoom_direction&quot;:&quot;in&quot;}\">\n\t\t\t\t\t<div class=\"e-con-inner\">\n\t\t<div class=\"elementor-element elementor-element-73c0047 e-con-full e-flex elementor-invisible e-con e-child\" data-id=\"73c0047\" data-element_type=\"container\" data-e-type=\"container\" data-settings=\"{&quot;animation&quot;:&quot;fadeInUp&quot;}\">\n\t\t\t\t<div class=\"elementor-element elementor-element-b1b11b1 elementor-widget elementor-widget-text-editor\" data-id=\"b1b11b1\" data-element_type=\"widget\" data-e-type=\"widget\" data-widget_type=\"text-editor.default\">\n\t\t\t\t<div class=\"elementor-widget-container\">\n\t\t\t\t\t\t\t\t\t<p>Eseal-Medical Votre Centre M\u00e9dical \u00e0 Wavre<\/p>\t\t\t\t\t\t\t\t<\/div>\n\t\t\t\t<\/div>\n\t\t\t\t<div class=\"elementor-element elementor-element-297613d elementor-widget elementor-widget-text-editor\" data-id=\"297613d\" data-element_type=\"widget\" data-e-type=\"widget\" data-widget_type=\"text-editor.default\">\n\t\t\t\t<div class=\"elementor-widget-container\">\n\t\t\t\t\t\t\t\t\t<p>Pr\u00eats \u00e0 vous aider \u00e0 chaque \u00e9tape de votre vie !<\/p>\t\t\t\t\t\t\t\t<\/div>\n\t\t\t\t<\/div>\n\t\t<div class=\"elementor-element elementor-element-ef301ce e-con-full e-flex e-con e-child\" data-id=\"ef301ce\" data-element_type=\"container\" data-e-type=\"container\">\n\t\t\t\t<div class=\"elementor-element elementor-element-c95ad21 elementor-widget elementor-widget-button\" data-id=\"c95ad21\" data-element_type=\"widget\" data-e-type=\"widget\" data-widget_type=\"button.default\">\n\t\t\t\t<div class=\"elementor-widget-container\">\n\t\t\t\t\t\t\t\t\t<div class=\"elementor-button-wrapper\">\n\t\t\t\t\t<a class=\"elementor-button elementor-button-link elementor-size-sm\" href=\"https:\/\/eseal-medical.be\/nl-be\/contact\/\">\n\t\t\t\t\t\t<span class=\"elementor-button-content-wrapper\">\n\t\t\t\t\t\t\t\t\t<span class=\"elementor-button-text\">Prendre rendez-vous<\/span>\n\t\t\t\t\t<\/span>\n\t\t\t\t\t<\/a>\n\t\t\t\t<\/div>\n\t\t\t\t\t\t\t\t<\/div>\n\t\t\t\t<\/div>\n\t\t\t\t<div class=\"elementor-element elementor-element-1b095c7 elementor-widget elementor-widget-button\" data-id=\"1b095c7\" data-element_type=\"widget\" data-e-type=\"widget\" data-widget_type=\"button.default\">\n\t\t\t\t<div class=\"elementor-widget-container\">\n\t\t\t\t\t\t\t\t\t<div class=\"elementor-button-wrapper\">\n\t\t\t\t\t<a class=\"elementor-button elementor-button-link elementor-size-sm\" href=\"https:\/\/eseal-medical.be\/nl-be\/notre-equipe\/\">\n\t\t\t\t\t\t<span class=\"elementor-button-content-wrapper\">\n\t\t\t\t\t\t\t\t\t<span class=\"elementor-button-text\">D\u00e9couvrez notre \u00e9quipe<\/span>\n\t\t\t\t\t<\/span>\n\t\t\t\t\t<\/a>\n\t\t\t\t<\/div>\n\t\t\t\t\t\t\t\t<\/div>\n\t\t\t\t<\/div>\n\t\t\t\t<\/div>\n\t\t\t\t<\/div>\n\t\t<div class=\"elementor-element elementor-element-106c218 e-con-full elementor-hidden-tablet elementor-hidden-mobile e-flex e-con e-child\" data-id=\"106c218\" data-element_type=\"container\" data-e-type=\"container\" data-settings=\"{&quot;background_background&quot;:&quot;classic&quot;,&quot;motion_fx_motion_fx_mouse&quot;:&quot;yes&quot;,&quot;motion_fx_mouseTrack_effect&quot;:&quot;yes&quot;,&quot;motion_fx_mouseTrack_speed&quot;:{&quot;unit&quot;:&quot;px&quot;,&quot;size&quot;:0.1,&quot;sizes&quot;:[]}}\">\n\t\t\t\t<\/div>\n\t\t\t\t\t<\/div>\n\t\t\t\t<\/div>\n\t\t<div class=\"elementor-element elementor-element-74c67a0 e-flex e-con-boxed e-con e-parent\" data-id=\"74c67a0\" data-element_type=\"container\" data-e-type=\"container\">\n\t\t\t\t\t<div class=\"e-con-inner\">\n\t\t<div class=\"elementor-element elementor-element-40f5cf6 e-con-full e-flex e-con e-child\" data-id=\"40f5cf6\" data-element_type=\"container\" data-e-type=\"container\">\n\t\t\t\t<div class=\"elementor-element elementor-element-df84bdd elementor-widget elementor-widget-image\" data-id=\"df84bdd\" data-element_type=\"widget\" data-e-type=\"widget\" data-widget_type=\"image.default\">\n\t\t\t\t<div class=\"elementor-widget-container\">\n\t\t\t\t\t\t\t\t\t\t\t\t\t\t\t<img fetchpriority=\"high\" decoding=\"async\" width=\"349\" height=\"489\" src=\"https:\/\/eseal-medical.be\/wp-content\/uploads\/Image1-2.jpg\" class=\"attachment-1536x1536 size-1536x1536 wp-image-2918\" alt=\",\" srcset=\"https:\/\/eseal-medical.be\/wp-content\/uploads\/Image1-2.jpg 349w, https:\/\/eseal-medical.be\/wp-content\/uploads\/Image1-2-9x12.jpg 9w\" sizes=\"(max-width: 349px) 100vw, 349px\" title=\"\">\t\t\t\t\t\t\t\t\t\t\t\t\t\t\t<\/div>\n\t\t\t\t<\/div>\n\t\t\t\t<\/div>\n\t\t<div class=\"elementor-element elementor-element-495b9da e-con-full e-flex elementor-invisible e-con e-child\" data-id=\"495b9da\" data-element_type=\"container\" data-e-type=\"container\" data-settings=\"{&quot;animation&quot;:&quot;fadeInRight&quot;}\">\n\t\t\t\t<div class=\"elementor-element elementor-element-071b2b2 elementor-widget elementor-widget-heading\" data-id=\"071b2b2\" data-element_type=\"widget\" data-e-type=\"widget\" data-widget_type=\"heading.default\">\n\t\t\t\t<div class=\"elementor-widget-container\">\n\t\t\t\t\t<h2 class=\"elementor-heading-title elementor-size-default\">Annie Turnauer<\/h2>\t\t\t\t<\/div>\n\t\t\t\t<\/div>\n\t\t\t\t<div class=\"elementor-element elementor-element-bbcebfe elementor-widget-divider--view-line elementor-widget elementor-widget-divider\" data-id=\"bbcebfe\" data-element_type=\"widget\" data-e-type=\"widget\" data-widget_type=\"divider.default\">\n\t\t\t\t<div class=\"elementor-widget-container\">\n\t\t\t\t\t\t\t<div class=\"elementor-divider\">\n\t\t\t<span class=\"elementor-divider-separator\">\n\t\t\t\t\t\t<\/span>\n\t\t<\/div>\n\t\t\t\t\t\t<\/div>\n\t\t\t\t<\/div>\n\t\t\t\t<div class=\"elementor-element elementor-element-a46c103 elementor-widget elementor-widget-text-editor\" data-id=\"a46c103\" data-element_type=\"widget\" data-e-type=\"widget\" data-widget_type=\"text-editor.default\">\n\t\t\t\t<div class=\"elementor-widget-container\">\n\t\t\t\t\t\t\t\t\t<p>Annie Turnauer est life and corporate coach certifi\u00e9e (formation reconnue par l\u2019ICF) sp\u00e9cialis\u00e9e en (r\u00e9)orientation professionnelle et pr\u00e9vention de l\u2019\u00e9puisement.<\/p><p>Autant \u00e0 l\u2019aise en accompagnement individuel que lors d\u2019animation de groupes, Annie cr\u00e9e \u00e9galement des ateliers et des formations <em>sur-mesure<\/em> autour du d\u00e9veloppement personnel et de la pr\u00e9vention des risques d\u2019\u00e9puisement.<\/p><p>De nature curieuse et passionn\u00e9e, cela fait plus de 15 ans qu\u2019Annie se forme \u00e0 de nombreux outils (formations certifiantes) : PNL, Pleine Conscience, Sophrologie, Hypnose Ericksonienne, th\u00e9rapie br\u00e8ve syst\u00e9mique strat\u00e9gique de l\u2019\u00e9cole de Palo Alto, EFT clinique, \u2026 C\u2019est avec passion et professionnalisme qu\u2019elle int\u00e8gre toutes ces merveilleuses approches lors de vos s\u00e9ances en fonction de vos besoins et de vos objectifs.<\/p><p>Soucieuse de vous offrir des accompagnements holistiques de qualit\u00e9 et v\u00e9ritable passionn\u00e9e par son m\u00e9tier, Annie Turnauer est continuellement en formation et se fait \u00e9galement superviser.<\/p><p>Une collaboration \u00e9troite avec votre m\u00e9decin g\u00e9n\u00e9raliste et\/ou tout autre sp\u00e9cialiste (psychologue, kin\u00e9sith\u00e9rapeute, ost\u00e9opathe, m\u00e9decin sp\u00e9cialiste, di\u00e9t\u00e9ticien, \u2026) sera mise en place avec votre accord et votre collaboration afin de renforcer l\u2019efficacit\u00e9 de votre prise en charge globale.<\/p><p>Notre coach respecte scrupuleusement la charte \u00e9thique et d\u00e9ontologique de l\u2019ICF (<a href=\"https:\/\/coachingfederation.be\/fr\/ethique-et-reglement\" target=\"_blank\" rel=\"noopener\">https:\/\/coachingfederation.be\/fr\/ethique-et-reglement<\/a>).<\/p><p>Par son approche non-jugeante et non-normative ainsi que son \u00e9coute active bienveillante, il lui importe de vous offrir un cadre professionnel respectueux et s\u00e9curisant qui vous permettra d\u2019\u00e9voluer sereinement vers l\u2019atteinte de vos objectifs.<\/p><p><strong>Trois phrases qui l\u2019inspirent\u00a0: <\/strong><\/p><p>\u00ab\u00a0Si vous n\u2019aimez pas quelque chose, changez-le. Si vous ne pouvez le changer, changez votre attitude.\u00a0\u00bb Maya Angelou<\/p><p>\u00ab\u00a0Il y a au fond de vous de multiples petites \u00e9tincelles de potentialit\u00e9s qui ne demandent qu\u2019un souffle pour s\u2019enflammer en de magnifiques r\u00e9ussites.\u00a0\u00bb W.A. Peterson<\/p><p>\u00ab\u00a0Le v\u00e9ritable voyage de d\u00e9couverte ne consiste pas \u00e0 chercher de nouveaux paysages mais \u00e0 avoir de nouveaux yeux.\u00a0\u00bb Marcel Proust<\/p>\t\t\t\t\t\t\t\t<\/div>\n\t\t\t\t<\/div>\n\t\t\t\t<div class=\"elementor-element elementor-element-35675e5 elementor-widget elementor-widget-toggle\" data-id=\"35675e5\" data-element_type=\"widget\" data-e-type=\"widget\" data-widget_type=\"toggle.default\">\n\t\t\t\t<div class=\"elementor-widget-container\">\n\t\t\t\t\t\t\t<div class=\"elementor-toggle\">\n\t\t\t\t\t\t\t<div class=\"elementor-toggle-item\">\n\t\t\t\t\t<div id=\"elementor-tab-title-5591\" class=\"elementor-tab-title\" data-tab=\"1\" role=\"button\" aria-controls=\"elementor-tab-content-5591\" aria-expanded=\"false\">\n\t\t\t\t\t\t\t\t\t\t\t\t<span class=\"elementor-toggle-icon elementor-toggle-icon-left\" aria-hidden=\"true\">\n\t\t\t\t\t\t\t\t\t\t\t\t\t\t\t<span class=\"elementor-toggle-icon-closed\"><i class=\"fas fa-caret-right\"><\/i><\/span>\n\t\t\t\t\t\t\t\t<span class=\"elementor-toggle-icon-opened\"><i class=\"elementor-toggle-icon-opened fas fa-caret-up\"><\/i><\/span>\n\t\t\t\t\t\t\t\t\t\t\t\t\t<\/span>\n\t\t\t\t\t\t\t\t\t\t\t\t<a class=\"elementor-toggle-title\" tabindex=\"0\">Pour qui ?<\/a>\n\t\t\t\t\t<\/div>\n\n\t\t\t\t\t<div id=\"elementor-tab-content-5591\" class=\"elementor-tab-content elementor-clearfix\" data-tab=\"1\" role=\"region\" aria-labelledby=\"elementor-tab-title-5591\"><p><strong>Coaching des jeunes\u00a0: <\/strong><\/p><ul><li>Stress et \u00e9motions, confiance en soi, troubles du sommeil<\/li><li>Bilan d\u2019orientation scolaire (mieux se conna\u00eetre pour choisir des \u00e9tudes\/une formation en coh\u00e9rence avec un futur projet professionnel &#8211; \u00e0 partir de 17 ans)<\/li><li>Bilan de r\u00e9orientation (changement de cursus &#8211; \u00e9tudes sup\u00e9rieures et universitaires)<\/li><\/ul><p>\u00a0<\/p><p><strong>Coaching des adultes :<\/strong><\/p><ul><li>Stress, \u00e9motions, pr\u00e9vention \u00e9puisement, accompagnement post burnout<\/li><li>Troubles du sommeil, somatisations li\u00e9es au stress chronique<\/li><li>R\u00e9orientation professionnelle, coaching de projet<\/li><li>Pr\u00e9parer un changement de vie (arriv\u00e9e d\u2019un enfant, changement de pays\/de job, d\u00e9part \u00e0 la retraite, s\u00e9paration, \u2026)<\/li><li>Pr\u00e9parer un acte m\u00e9dical (via la sophrologie et l\u2019auto-hypnose)<\/li><li>Analyser une situation bloquante sous l\u2019angle de l\u2019approche syst\u00e9mique strat\u00e9gique et vous permettre de trouver de nouvelles solutions<\/li><li>Bilan de motivation SISEM (comprendre comment vous fonctionnez pour retrouver sens et plaisir dans votre vie personnelle et professionnelle)<\/li><li style=\"list-style-type: none;\">\u00a0<\/li><\/ul><\/div>\n\t\t\t\t<\/div>\n\t\t\t\t\t\t\t<div class=\"elementor-toggle-item\">\n\t\t\t\t\t<div id=\"elementor-tab-title-5592\" class=\"elementor-tab-title\" data-tab=\"2\" role=\"button\" aria-controls=\"elementor-tab-content-5592\" aria-expanded=\"false\">\n\t\t\t\t\t\t\t\t\t\t\t\t<span class=\"elementor-toggle-icon elementor-toggle-icon-left\" aria-hidden=\"true\">\n\t\t\t\t\t\t\t\t\t\t\t\t\t\t\t<span class=\"elementor-toggle-icon-closed\"><i class=\"fas fa-caret-right\"><\/i><\/span>\n\t\t\t\t\t\t\t\t<span class=\"elementor-toggle-icon-opened\"><i class=\"elementor-toggle-icon-opened fas fa-caret-up\"><\/i><\/span>\n\t\t\t\t\t\t\t\t\t\t\t\t\t<\/span>\n\t\t\t\t\t\t\t\t\t\t\t\t<a class=\"elementor-toggle-title\" tabindex=\"0\">Exp\u00e9riences professionnelles<\/a>\n\t\t\t\t\t<\/div>\n\n\t\t\t\t\t<div id=\"elementor-tab-content-5592\" class=\"elementor-tab-content elementor-clearfix\" data-tab=\"2\" role=\"region\" aria-labelledby=\"elementor-tab-title-5592\"><p>Notre coach a d\u2019ailleurs eu le plaisir d\u2019intervenir en tant que formatrice au sein de :<\/p><ul><li>La formation en coaching scolaire \u00e0 l\u2019Acad\u00e9mie de Coaching Mental<\/li><li>La formation en sophrologie fondamentale \u00e0 l\u2019Ecole Belge de Sophrologie Fondamentale et de Relaxation<\/li><li>La formation en hypnose th\u00e9rapeutique organis\u00e9e par l\u2019ULB (module hypnose et sophrologie)<\/li><\/ul><p>\u00a0<\/p><p>Elle a \u00e9galement anim\u00e9 des ateliers pour des organismes divers tels que\u00a0: le CECAFOC, l\u2019AMU, M\u00e9diWavre, Forma\u2019Rive.<\/p><ul><li style=\"list-style-type: none;\">\u00a0<\/li><\/ul><\/div>\n\t\t\t\t<\/div>\n\t\t\t\t\t\t\t\t<\/div>\n\t\t\t\t\t\t<\/div>\n\t\t\t\t<\/div>\n\t\t\t\t<div class=\"elementor-element elementor-element-46dda85 elementor-icon-list--layout-inline elementor-align-center elementor-list-item-link-full_width elementor-widget elementor-widget-icon-list\" data-id=\"46dda85\" data-element_type=\"widget\" data-e-type=\"widget\" data-widget_type=\"icon-list.default\">\n\t\t\t\t<div class=\"elementor-widget-container\">\n\t\t\t\t\t\t\t<ul class=\"elementor-icon-list-items elementor-inline-items\">\n\t\t\t\t\t\t\t<li class=\"elementor-icon-list-item elementor-inline-item\">\n\t\t\t\t\t\t\t\t\t\t\t<a href=\"tel:0476%2093%2096%2025\">\n\n\t\t\t\t\t\t\t\t\t\t\t\t<span class=\"elementor-icon-list-icon\">\n\t\t\t\t\t\t\t<i aria-hidden=\"true\" class=\"fas fa-phone-alt\"><\/i>\t\t\t\t\t\t<\/span>\n\t\t\t\t\t\t\t\t\t\t<span class=\"elementor-icon-list-text\">0476 93 96 25<\/span>\n\t\t\t\t\t\t\t\t\t\t\t<\/a>\n\t\t\t\t\t\t\t\t\t<\/li>\n\t\t\t\t\t\t\t\t<li class=\"elementor-icon-list-item elementor-inline-item\">\n\t\t\t\t\t\t\t\t\t\t\t<a href=\"http:\/\/www.at-coaching.be\" target=\"_blank\" rel=\"noopener\">\n\n\t\t\t\t\t\t\t\t\t\t\t\t<span class=\"elementor-icon-list-icon\">\n\t\t\t\t\t\t\t<i aria-hidden=\"true\" class=\"fas fa-globe-americas\"><\/i>\t\t\t\t\t\t<\/span>\n\t\t\t\t\t\t\t\t\t\t<span class=\"elementor-icon-list-text\">www.at-coaching.be<\/span>\n\t\t\t\t\t\t\t\t\t\t\t<\/a>\n\t\t\t\t\t\t\t\t\t<\/li>\n\t\t\t\t\t\t<\/ul>\n\t\t\t\t\t\t<\/div>\n\t\t\t\t<\/div>\n\t\t\t\t<\/div>\n\t\t\t\t\t<\/div>\n\t\t\t\t<\/div>\n\t\t\t\t<\/div>\n\t\t","protected":false},"excerpt":{"rendered":"<p>Eseal-Medical Votre Centre M\u00e9dical \u00e0 Wavre Pr\u00eats \u00e0 vous aider \u00e0 chaque \u00e9tape de votre vie ! Prendre rendez-vous D\u00e9couvrez notre \u00e9quipe Annie Turnauer Annie Turnauer est life and corporate coach certifi\u00e9e (formation reconnue par l\u2019ICF) sp\u00e9cialis\u00e9e en (r\u00e9)orientation professionnelle et pr\u00e9vention de l\u2019\u00e9puisement. Autant \u00e0 l\u2019aise en accompagnement individuel que lors d\u2019animation de groupes, [&hellip;]<\/p>\n","protected":false},"author":1,"featured_media":0,"comment_status":"closed","ping_status":"closed","sticky":false,"template":"","format":"standard","meta":{"footnotes":""},"categories":[1],"tags":[],"class_list":["post-3080","post","type-post","status-publish","format-standard","hentry","category-non-classe"],"_links":{"self":[{"href":"https:\/\/eseal-medical.be\/nl-be\/wp-json\/wp\/v2\/posts\/3080","targetHints":{"allow":["GET"]}}],"collection":[{"href":"https:\/\/eseal-medical.be\/nl-be\/wp-json\/wp\/v2\/posts"}],"about":[{"href":"https:\/\/eseal-medical.be\/nl-be\/wp-json\/wp\/v2\/types\/post"}],"author":[{"embeddable":true,"href":"https:\/\/eseal-medical.be\/nl-be\/wp-json\/wp\/v2\/users\/1"}],"replies":[{"embeddable":true,"href":"https:\/\/eseal-medical.be\/nl-be\/wp-json\/wp\/v2\/comments?post=3080"}],"version-history":[{"count":7,"href":"https:\/\/eseal-medical.be\/nl-be\/wp-json\/wp\/v2\/posts\/3080\/revisions"}],"predecessor-version":[{"id":3191,"href":"https:\/\/eseal-medical.be\/nl-be\/wp-json\/wp\/v2\/posts\/3080\/revisions\/3191"}],"wp:attachment":[{"href":"https:\/\/eseal-medical.be\/nl-be\/wp-json\/wp\/v2\/media?parent=3080"}],"wp:term":[{"taxonomy":"category","embeddable":true,"href":"https:\/\/eseal-medical.be\/nl-be\/wp-json\/wp\/v2\/categories?post=3080"},{"taxonomy":"post_tag","embeddable":true,"href":"https:\/\/eseal-medical.be\/nl-be\/wp-json\/wp\/v2\/tags?post=3080"}],"curies":[{"name":"wp","href":"https:\/\/api.w.org\/{rel}","templated":true}]}}