{"id":4352,"date":"2026-04-07T10:28:06","date_gmt":"2026-04-07T08:28:06","guid":{"rendered":"https:\/\/eseal-medical.be\/?p=4352"},"modified":"2026-08-18T15:24:57","modified_gmt":"2026-08-18T13:24:57","slug":"romain-soyez","status":"publish","type":"post","link":"https:\/\/eseal-medical.be\/nl-be\/romain-soyez\/","title":{"rendered":"Romain Soyez"},"content":{"rendered":"\t\t<div data-elementor-type=\"wp-post\" data-elementor-id=\"4352\" class=\"elementor elementor-4352\" data-elementor-post-type=\"post\">\n\t\t\t\t<div class=\"elementor-element elementor-element-1130b5d e-flex e-con-boxed e-con e-parent\" data-id=\"1130b5d\" data-element_type=\"container\" data-e-type=\"container\" data-settings=\"{&quot;background_background&quot;:&quot;slideshow&quot;,&quot;background_slideshow_gallery&quot;:[{&quot;id&quot;:402,&quot;url&quot;:&quot;https:\\\/\\\/eseal-medical.be\\\/wp-content\\\/uploads\\\/medcin.png&quot;},{&quot;id&quot;:404,&quot;url&quot;:&quot;https:\\\/\\\/eseal-medical.be\\\/wp-content\\\/uploads\\\/good-care.png&quot;},{&quot;id&quot;:406,&quot;url&quot;:&quot;https:\\\/\\\/eseal-medical.be\\\/wp-content\\\/uploads\\\/medecin.png&quot;},{&quot;id&quot;:408,&quot;url&quot;:&quot;https:\\\/\\\/eseal-medical.be\\\/wp-content\\\/uploads\\\/equipe-medicale.png&quot;}],&quot;background_slideshow_lazyload&quot;:&quot;yes&quot;,&quot;background_slideshow_ken_burns&quot;:&quot;yes&quot;,&quot;background_slideshow_loop&quot;:&quot;yes&quot;,&quot;background_slideshow_slide_duration&quot;:5000,&quot;background_slideshow_slide_transition&quot;:&quot;fade&quot;,&quot;background_slideshow_transition_duration&quot;:500,&quot;background_slideshow_ken_burns_zoom_direction&quot;:&quot;in&quot;}\">\n\t\t\t\t\t<div class=\"e-con-inner\">\n\t\t<div class=\"elementor-element elementor-element-dbc1b7f e-con-full e-flex elementor-invisible e-con e-child\" data-id=\"dbc1b7f\" data-element_type=\"container\" data-e-type=\"container\" data-settings=\"{&quot;animation&quot;:&quot;fadeInUp&quot;}\">\n\t\t\t\t<div class=\"elementor-element elementor-element-0910178 elementor-widget elementor-widget-text-editor\" data-id=\"0910178\" data-element_type=\"widget\" data-e-type=\"widget\" data-widget_type=\"text-editor.default\">\n\t\t\t\t<div class=\"elementor-widget-container\">\n\t\t\t\t\t\t\t\t\t<p>Eseal-Medical Votre Centre M\u00e9dical \u00e0 Wavre<\/p>\t\t\t\t\t\t\t\t<\/div>\n\t\t\t\t<\/div>\n\t\t\t\t<div class=\"elementor-element elementor-element-dd436a1 elementor-widget elementor-widget-text-editor\" data-id=\"dd436a1\" data-element_type=\"widget\" data-e-type=\"widget\" data-widget_type=\"text-editor.default\">\n\t\t\t\t<div class=\"elementor-widget-container\">\n\t\t\t\t\t\t\t\t\t<p>Pr\u00eats \u00e0 vous aider \u00e0 chaque \u00e9tape de votre vie !<\/p>\t\t\t\t\t\t\t\t<\/div>\n\t\t\t\t<\/div>\n\t\t<div class=\"elementor-element elementor-element-862cc8a e-con-full e-flex e-con e-child\" data-id=\"862cc8a\" data-element_type=\"container\" data-e-type=\"container\">\n\t\t\t\t<div class=\"elementor-element elementor-element-e618a17 elementor-widget elementor-widget-button\" data-id=\"e618a17\" data-element_type=\"widget\" data-e-type=\"widget\" data-widget_type=\"button.default\">\n\t\t\t\t<div class=\"elementor-widget-container\">\n\t\t\t\t\t\t\t\t\t<div class=\"elementor-button-wrapper\">\n\t\t\t\t\t<a class=\"elementor-button elementor-button-link elementor-size-sm\" href=\"#rdv\">\n\t\t\t\t\t\t<span class=\"elementor-button-content-wrapper\">\n\t\t\t\t\t\t\t\t\t<span class=\"elementor-button-text\">Prendre rendez-vous<\/span>\n\t\t\t\t\t<\/span>\n\t\t\t\t\t<\/a>\n\t\t\t\t<\/div>\n\t\t\t\t\t\t\t\t<\/div>\n\t\t\t\t<\/div>\n\t\t\t\t<div class=\"elementor-element elementor-element-84fc03c elementor-widget elementor-widget-button\" data-id=\"84fc03c\" data-element_type=\"widget\" data-e-type=\"widget\" data-widget_type=\"button.default\">\n\t\t\t\t<div class=\"elementor-widget-container\">\n\t\t\t\t\t\t\t\t\t<div class=\"elementor-button-wrapper\">\n\t\t\t\t\t<a class=\"elementor-button elementor-button-link elementor-size-sm\" href=\"https:\/\/eseal-medical.be\/nl-be\/notre-equipe\/\">\n\t\t\t\t\t\t<span class=\"elementor-button-content-wrapper\">\n\t\t\t\t\t\t\t\t\t<span class=\"elementor-button-text\">D\u00e9couvrez notre \u00e9quipe<\/span>\n\t\t\t\t\t<\/span>\n\t\t\t\t\t<\/a>\n\t\t\t\t<\/div>\n\t\t\t\t\t\t\t\t<\/div>\n\t\t\t\t<\/div>\n\t\t\t\t<\/div>\n\t\t\t\t<\/div>\n\t\t<div class=\"elementor-element elementor-element-9ed35ff e-con-full elementor-hidden-tablet elementor-hidden-mobile e-flex e-con e-child\" data-id=\"9ed35ff\" data-element_type=\"container\" data-e-type=\"container\" data-settings=\"{&quot;background_background&quot;:&quot;classic&quot;,&quot;motion_fx_motion_fx_mouse&quot;:&quot;yes&quot;,&quot;motion_fx_mouseTrack_effect&quot;:&quot;yes&quot;,&quot;motion_fx_mouseTrack_speed&quot;:{&quot;unit&quot;:&quot;px&quot;,&quot;size&quot;:0.1,&quot;sizes&quot;:[]}}\">\n\t\t\t\t<\/div>\n\t\t\t\t\t<\/div>\n\t\t\t\t<\/div>\n\t\t<div class=\"elementor-element elementor-element-0da9efb e-flex e-con-boxed e-con e-parent\" data-id=\"0da9efb\" data-element_type=\"container\" data-e-type=\"container\">\n\t\t\t\t\t<div class=\"e-con-inner\">\n\t\t<div class=\"elementor-element elementor-element-f42d056 e-con-full e-flex elementor-invisible e-con e-child\" data-id=\"f42d056\" data-element_type=\"container\" data-e-type=\"container\" data-settings=\"{&quot;animation&quot;:&quot;fadeInLeft&quot;}\">\n\t\t\t\t<div class=\"elementor-element elementor-element-71cd6f1 elementor-widget elementor-widget-image\" data-id=\"71cd6f1\" data-element_type=\"widget\" data-e-type=\"widget\" data-widget_type=\"image.default\">\n\t\t\t\t<div class=\"elementor-widget-container\">\n\t\t\t\t\t\t\t\t\t\t\t\t\t\t\t<img fetchpriority=\"high\" decoding=\"async\" width=\"1920\" height=\"2560\" src=\"https:\/\/eseal-medical.be\/wp-content\/uploads\/romainsoyez-scaled.jpeg\" class=\"attachment-large size-large wp-image-4388\" alt=\",\" srcset=\"https:\/\/eseal-medical.be\/wp-content\/uploads\/romainsoyez-scaled.jpeg 1920w, https:\/\/eseal-medical.be\/wp-content\/uploads\/romainsoyez-768x1024.jpeg 768w, https:\/\/eseal-medical.be\/wp-content\/uploads\/romainsoyez-1152x1536.jpeg 1152w, https:\/\/eseal-medical.be\/wp-content\/uploads\/romainsoyez-1536x2048.jpeg 1536w, https:\/\/eseal-medical.be\/wp-content\/uploads\/romainsoyez-9x12.jpeg 9w\" sizes=\"(max-width: 1920px) 100vw, 1920px\" title=\"\">\t\t\t\t\t\t\t\t\t\t\t\t\t\t\t<\/div>\n\t\t\t\t<\/div>\n\t\t\t\t<\/div>\n\t\t<div class=\"elementor-element elementor-element-0ab97f1 e-con-full e-flex elementor-invisible e-con e-child\" data-id=\"0ab97f1\" data-element_type=\"container\" data-e-type=\"container\" data-settings=\"{&quot;animation&quot;:&quot;fadeInRight&quot;}\">\n\t\t\t\t<div class=\"elementor-element elementor-element-d849814 elementor-widget elementor-widget-heading\" data-id=\"d849814\" data-element_type=\"widget\" data-e-type=\"widget\" data-widget_type=\"heading.default\">\n\t\t\t\t<div class=\"elementor-widget-container\">\n\t\t\t\t\t<h2 class=\"elementor-heading-title elementor-size-default\">Romain Soyez<\/h2>\t\t\t\t<\/div>\n\t\t\t\t<\/div>\n\t\t\t\t<div class=\"elementor-element elementor-element-201b59e elementor-widget-divider--view-line elementor-widget elementor-widget-divider\" data-id=\"201b59e\" data-element_type=\"widget\" data-e-type=\"widget\" data-widget_type=\"divider.default\">\n\t\t\t\t<div class=\"elementor-widget-container\">\n\t\t\t\t\t\t\t<div class=\"elementor-divider\">\n\t\t\t<span class=\"elementor-divider-separator\">\n\t\t\t\t\t\t<\/span>\n\t\t<\/div>\n\t\t\t\t\t\t<\/div>\n\t\t\t\t<\/div>\n\t\t\t\t<div class=\"elementor-element elementor-element-33e9d58 elementor-widget elementor-widget-text-editor\" data-id=\"33e9d58\" data-element_type=\"widget\" data-e-type=\"widget\" data-widget_type=\"text-editor.default\">\n\t\t\t\t<div class=\"elementor-widget-container\">\n\t\t\t\t\t\t\t\t\t<p>Dipl\u00f4m\u00e9 de l\u2019ISEK et riche d\u2019une exp\u00e9rience d\u2019un an en soins \u00e0 domicile \u00e0 Bruxelles, j\u2019ai le plaisir de vous annoncer l\u2019ouverture de mon cabinet \u00e0\u00a0Wavre.<\/p><p>Mon approche privil\u00e9gie des soins personnalis\u00e9s pour garantir une r\u00e9cup\u00e9ration\u00a0efficace et durable. Je vous accueille d\u00e9sormais en consultation au cabinet ou me d\u00e9place \u00e0 votre domicile dans la r\u00e9gion de Wavre et ses alentours.<\/p>\t\t\t\t\t\t\t\t<\/div>\n\t\t\t\t<\/div>\n\t\t\t\t<div class=\"elementor-element elementor-element-472c4a6 elementor-widget elementor-widget-heading\" data-id=\"472c4a6\" data-element_type=\"widget\" data-e-type=\"widget\" data-widget_type=\"heading.default\">\n\t\t\t\t<div class=\"elementor-widget-container\">\n\t\t\t\t\t<h3 class=\"elementor-heading-title elementor-size-default\">Massage Musculation &amp; Bien-\u00eatre sur Mesure<\/h3>\t\t\t\t<\/div>\n\t\t\t\t<\/div>\n\t\t\t\t<div class=\"elementor-element elementor-element-f75756b elementor-widget elementor-widget-text-editor\" data-id=\"f75756b\" data-element_type=\"widget\" data-e-type=\"widget\" data-widget_type=\"text-editor.default\">\n\t\t\t\t<div class=\"elementor-widget-container\">\n\t\t\t\t\t\t\t\t\t<p>En compl\u00e9ment de mon activit\u00e9 de kin\u00e9sith\u00e9rapeute, je vous propose des s\u00e9ances de massage musculaire personnalis\u00e9, accessibles sans prescription m\u00e9dicale.\u00a0<\/p><p>Chaque s\u00e9ance dure 1 heure et se d\u00e9roule dans un cadre professionnel, attentif et bienveillant.\u00a0<\/p><p>Pourquoi choisir ce massage ?<\/p><p>Chaque s\u00e9ance est unique et s&rsquo;adapte pr\u00e9cis\u00e9ment \u00e0 vos besoins du moment :<\/p><ul><li><strong>R\u00e9cup\u00e9ration sportive<\/strong>: Id\u00e9al apr\u00e8s un effort ou une comp\u00e9tition.<\/li><li><strong>Rel\u00e2chement des tensions<\/strong>: Pour lib\u00e9rer les zones nou\u00e9es par le stress ou la posture.<\/li><li><strong>D\u00e9tente profonde<\/strong>: Un moment pour soi pour apaiser le corps et l&rsquo;esprit.<\/li><li><strong>Option Drainage Lymphatique<\/strong>: Sur demande, pour stimuler la circulation et soulager les jambes lourdes.\u00a0<\/li><\/ul>\t\t\t\t\t\t\t\t<\/div>\n\t\t\t\t<\/div>\n\t\t\t\t<div class=\"elementor-element elementor-element-505d17c elementor-widget elementor-widget-heading\" data-id=\"505d17c\" data-element_type=\"widget\" data-e-type=\"widget\" data-widget_type=\"heading.default\">\n\t\t\t\t<div class=\"elementor-widget-container\">\n\t\t\t\t\t<h3 class=\"elementor-heading-title elementor-size-default\">Tarifs &amp; Offres<\/h3>\t\t\t\t<\/div>\n\t\t\t\t<\/div>\n\t\t\t\t<div class=\"elementor-element elementor-element-e764227 elementor-widget elementor-widget-text-editor\" data-id=\"e764227\" data-element_type=\"widget\" data-e-type=\"widget\" data-widget_type=\"text-editor.default\">\n\t\t\t\t<div class=\"elementor-widget-container\">\n\t\t\t\t\t\t\t\t\t<ul><li>S\u00e9ance D\u00e9couverte (1\u00e8re visite) : 50 \u20ac<\/li><\/ul><ul><li>S\u00e9ance d&rsquo;une heure : 60 \u20ac<\/li><li>Programme Fid\u00e9lit\u00e9 : La 10\u1d49 s\u00e9ance est offerte (apr\u00e8s 9 s\u00e9ances effectu\u00e9es).<\/li><\/ul><p><em>\u00c0 noter : Cette prestation de bien-\u00eatre est ind\u00e9pendante des soins de kin\u00e9sith\u00e9rapie. Elle ne fait l&rsquo;objet d&rsquo;aucun remboursement par l&rsquo;INAMI ou votre mutuelle.<\/em><\/p>\t\t\t\t\t\t\t\t<\/div>\n\t\t\t\t<\/div>\n\t\t\t\t<div class=\"elementor-element elementor-element-79ab0d0 elementor-widget elementor-widget-heading\" data-id=\"79ab0d0\" data-element_type=\"widget\" data-e-type=\"widget\" id=\"rdv\" data-widget_type=\"heading.default\">\n\t\t\t\t<div class=\"elementor-widget-container\">\n\t\t\t\t\t<h2 class=\"elementor-heading-title elementor-size-default\">Prise de rendez-vous directement en ligne ou par t\u00e9l\u00e9phone<\/h2>\t\t\t\t<\/div>\n\t\t\t\t<\/div>\n\t\t\t\t<div class=\"elementor-element elementor-element-db5955f elementor-widget elementor-widget-text-editor\" data-id=\"db5955f\" data-element_type=\"widget\" data-e-type=\"widget\" data-widget_type=\"text-editor.default\">\n\t\t\t\t<div class=\"elementor-widget-container\">\n\t\t\t\t\t\t\t\t\t<p>Romain Soyez est kin\u00e9sith\u00e9rapeute et vous accueille au centre du <strong>lundi au vendredi<\/strong>, de <strong>8h00<\/strong> \u00e0 <strong>11h00<\/strong>.<\/p><p>Les patients peuvent d\u00e8s \u00e0 pr\u00e9sent prendre rendez-vous en contactant le 0470 42 39 64. Des consultations \u00e0 domicile sont \u00e9galement propos\u00e9es sur rendez-vous.<\/p>\t\t\t\t\t\t\t\t<\/div>\n\t\t\t\t<\/div>\n\t\t\t\t<div class=\"elementor-element elementor-element-9c108a6 elementor-icon-list--layout-inline elementor-align-center elementor-list-item-link-full_width elementor-widget elementor-widget-icon-list\" data-id=\"9c108a6\" data-element_type=\"widget\" data-e-type=\"widget\" data-widget_type=\"icon-list.default\">\n\t\t\t\t<div class=\"elementor-widget-container\">\n\t\t\t\t\t\t\t<ul class=\"elementor-icon-list-items elementor-inline-items\">\n\t\t\t\t\t\t\t<li class=\"elementor-icon-list-item elementor-inline-item\">\n\t\t\t\t\t\t\t\t\t\t\t<a href=\"tel:0470%2042%2039%2064\">\n\n\t\t\t\t\t\t\t\t\t\t\t\t<span class=\"elementor-icon-list-icon\">\n\t\t\t\t\t\t\t<i aria-hidden=\"true\" class=\"fas fa-phone-alt\"><\/i>\t\t\t\t\t\t<\/span>\n\t\t\t\t\t\t\t\t\t\t<span class=\"elementor-icon-list-text\">0470 42 39 64<\/span>\n\t\t\t\t\t\t\t\t\t\t\t<\/a>\n\t\t\t\t\t\t\t\t\t<\/li>\n\t\t\t\t\t\t<\/ul>\n\t\t\t\t\t\t<\/div>\n\t\t\t\t<\/div>\n\t\t<div class=\"elementor-element elementor-element-2dd5792 e-con-full e-flex e-con e-child\" data-id=\"2dd5792\" data-element_type=\"container\" data-e-type=\"container\">\n\t\t\t\t<div class=\"elementor-element elementor-element-9f650eb elementor-widget elementor-widget-html\" data-id=\"9f650eb\" data-element_type=\"widget\" data-e-type=\"widget\" data-widget_type=\"html.default\">\n\t\t\t\t<div class=\"elementor-widget-container\">\n\t\t\t\t\t<iframe src=https:\/\/www.myconsultation.be\/fr\/liste\/iframe\/c0bae0e8aa2e5\/ style=\"border:0px #ffffff none;\" name=\"myc-calendar\" scrolling=\"no\" frameborder=\"0\" marginheight=\"0px\" marginwidth=\"0px\" height=\"280px\" width=\"100%\" allowfullscreen><\/iframe>\t\t\t\t<\/div>\n\t\t\t\t<\/div>\n\t\t\t\t<\/div>\n\t\t\t\t<\/div>\n\t\t\t\t\t<\/div>\n\t\t\t\t<\/div>\n\t\t\t\t<\/div>\n\t\t","protected":false},"excerpt":{"rendered":"<p>Eseal-Medical Votre Centre M\u00e9dical \u00e0 Wavre Pr\u00eats \u00e0 vous aider \u00e0 chaque \u00e9tape de votre vie ! Prendre rendez-vous D\u00e9couvrez notre \u00e9quipe Romain Soyez Dipl\u00f4m\u00e9 de l\u2019ISEK et riche d\u2019une exp\u00e9rience d\u2019un an en soins \u00e0 domicile \u00e0 Bruxelles, j\u2019ai le plaisir de vous annoncer l\u2019ouverture de mon cabinet \u00e0\u00a0Wavre. Mon approche privil\u00e9gie des soins [&hellip;]<\/p>\n","protected":false},"author":1,"featured_media":0,"comment_status":"closed","ping_status":"closed","sticky":false,"template":"","format":"standard","meta":{"footnotes":""},"categories":[1],"tags":[],"class_list":["post-4352","post","type-post","status-publish","format-standard","hentry","category-non-classe"],"_links":{"self":[{"href":"https:\/\/eseal-medical.be\/nl-be\/wp-json\/wp\/v2\/posts\/4352","targetHints":{"allow":["GET"]}}],"collection":[{"href":"https:\/\/eseal-medical.be\/nl-be\/wp-json\/wp\/v2\/posts"}],"about":[{"href":"https:\/\/eseal-medical.be\/nl-be\/wp-json\/wp\/v2\/types\/post"}],"author":[{"embeddable":true,"href":"https:\/\/eseal-medical.be\/nl-be\/wp-json\/wp\/v2\/users\/1"}],"replies":[{"embeddable":true,"href":"https:\/\/eseal-medical.be\/nl-be\/wp-json\/wp\/v2\/comments?post=4352"}],"version-history":[{"count":37,"href":"https:\/\/eseal-medical.be\/nl-be\/wp-json\/wp\/v2\/posts\/4352\/revisions"}],"predecessor-version":[{"id":4672,"href":"https:\/\/eseal-medical.be\/nl-be\/wp-json\/wp\/v2\/posts\/4352\/revisions\/4672"}],"wp:attachment":[{"href":"https:\/\/eseal-medical.be\/nl-be\/wp-json\/wp\/v2\/media?parent=4352"}],"wp:term":[{"taxonomy":"category","embeddable":true,"href":"https:\/\/eseal-medical.be\/nl-be\/wp-json\/wp\/v2\/categories?post=4352"},{"taxonomy":"post_tag","embeddable":true,"href":"https:\/\/eseal-medical.be\/nl-be\/wp-json\/wp\/v2\/tags?post=4352"}],"curies":[{"name":"wp","href":"https:\/\/api.w.org\/{rel}","templated":true}]}}